{"id":10350,"date":"2025-09-16T08:28:33","date_gmt":"2025-09-16T06:28:33","guid":{"rendered":"https:\/\/www.iberradio.es\/?p=10350"},"modified":"2025-09-17T07:03:09","modified_gmt":"2025-09-17T05:03:09","slug":"ao1ibr-iberradio-2025","status":"publish","type":"post","link":"https:\/\/www.iberradio.es\/en\/ao1ibr-iberradio-2025\/","title":{"rendered":"AO1IBR &#8211; IberRadio 2025"},"content":{"rendered":"<h4 style=\"text-align: justify;\">Varios operadores desde diferentes puntos de la pen\u00ednsula est\u00e1n activos un a\u00f1o m\u00e1s como AO1IBR para celebrar la d\u00e9cima edici\u00f3n de IberRadio.<\/h4>\n<h4 style=\"text-align: justify;\">El indicativo especial estar\u00e1 en el aire hasta el d\u00eda 20 de septiembre.<\/h4>\n<h4 style=\"text-align: justify;\">Las QSL ser\u00e1n v\u00eda EA4URE.<\/h4>\n<h4 style=\"text-align: justify;\">Esperamos escucharos en las bandas.<\/h4>\n<div class=\"row clearfix\"><ul class=\"photo_gallery shortcode\" data-rt-animation-group=\"group\">\n\n\t\t<li class=\"box five first\" data-rt-animate=\"animate\" data-rt-animation-type=\"fadeIn\">\n\t\t\t<div class=\"imgeffect\">\t\n\t\t\t\t<a id=\"lightbox-942853\" class=\"icon-zoom-in lightbox_ single\" data-group=\"266199\" title=\"Enlarge Image\" data-title=\"\" data-description=\"\" data-thumbnail=\"https:\/\/www.iberradio.es\/wp-content\/uploads\/2024\/09\/AO1IBR-2024-75x50.jpg\" data-thumbTooltip=\"\" data-scaleUp=\"\" data-href=\"\" data-width=\"\" data-height=\"\" data-flashHasPriority=\"\" data-poster=\"\" data-autoplay=\"\" data-audiotitle=\"\" href=\"https:\/\/www.iberradio.es\/wp-content\/uploads\/2024\/09\/AO1IBR-2024.jpg\"><\/a>\t\t\t\t\t\t\t\n\t\t\t\t<img decoding=\"async\" src=\"https:\/\/www.iberradio.es\/wp-content\/uploads\/2024\/09\/AO1IBR-2024-480x320.jpg\" alt=\"\"> \t\t\t\t\t\t\t\t\t\n\t\t\t<\/div>\n\t\t\t \t\n\t\t<\/li>\n\t\n\n\t\t<li class=\"box five\" data-rt-animate=\"animate\" data-rt-animation-type=\"fadeIn\">\n\t\t\t<div class=\"imgeffect\">\t\n\t\t\t\t<a id=\"lightbox-665576\" class=\"icon-zoom-in lightbox_ single\" data-group=\"266199\" title=\"Enlarge Image\" data-title=\"\" data-description=\"\" data-thumbnail=\"https:\/\/www.iberradio.es\/wp-content\/uploads\/2024\/09\/AO1IBR-2023-75x50.jpg\" data-thumbTooltip=\"\" data-scaleUp=\"\" data-href=\"\" data-width=\"\" data-height=\"\" data-flashHasPriority=\"\" data-poster=\"\" data-autoplay=\"\" data-audiotitle=\"\" href=\"https:\/\/www.iberradio.es\/wp-content\/uploads\/2024\/09\/AO1IBR-2023.jpg\"><\/a>\t\t\t\t\t\t\t\n\t\t\t\t<img decoding=\"async\" src=\"https:\/\/www.iberradio.es\/wp-content\/uploads\/2024\/09\/AO1IBR-2023-480x320.jpg\" alt=\"\"> \t\t\t\t\t\t\t\t\t\n\t\t\t<\/div>\n\t\t\t \t\n\t\t<\/li>\n\t\n\n\t\t<li class=\"box five\" data-rt-animate=\"animate\" data-rt-animation-type=\"fadeIn\">\n\t\t\t<div class=\"imgeffect\">\t\n\t\t\t\t<a id=\"lightbox-799537\" class=\"icon-zoom-in lightbox_ single\" data-group=\"266199\" title=\"Enlarge Image\" data-title=\"\" data-description=\"\" data-thumbnail=\"https:\/\/www.iberradio.es\/wp-content\/uploads\/2024\/09\/AO1IBR-2021-75x50.jpg\" data-thumbTooltip=\"\" data-scaleUp=\"\" data-href=\"\" data-width=\"\" data-height=\"\" data-flashHasPriority=\"\" data-poster=\"\" data-autoplay=\"\" data-audiotitle=\"\" href=\"https:\/\/www.iberradio.es\/wp-content\/uploads\/2024\/09\/AO1IBR-2021.jpg\"><\/a>\t\t\t\t\t\t\t\n\t\t\t\t<img decoding=\"async\" src=\"https:\/\/www.iberradio.es\/wp-content\/uploads\/2024\/09\/AO1IBR-2021-480x320.jpg\" alt=\"\"> \t\t\t\t\t\t\t\t\t\n\t\t\t<\/div>\n\t\t\t \t\n\t\t<\/li>\n\t\n\n\t\t<li class=\"box five\" data-rt-animate=\"animate\" data-rt-animation-type=\"fadeIn\">\n\t\t\t<div class=\"imgeffect\">\t\n\t\t\t\t<a id=\"lightbox-183083\" class=\"icon-zoom-in lightbox_ single\" data-group=\"266199\" title=\"Enlarge Image\" data-title=\"\" data-description=\"\" data-thumbnail=\"https:\/\/www.iberradio.es\/wp-content\/uploads\/2024\/09\/AO1IBR-2019-75x50.jpg\" data-thumbTooltip=\"\" data-scaleUp=\"\" data-href=\"\" data-width=\"\" data-height=\"\" data-flashHasPriority=\"\" data-poster=\"\" data-autoplay=\"\" data-audiotitle=\"\" href=\"https:\/\/www.iberradio.es\/wp-content\/uploads\/2024\/09\/AO1IBR-2019.jpg\"><\/a>\t\t\t\t\t\t\t\n\t\t\t\t<img decoding=\"async\" src=\"https:\/\/www.iberradio.es\/wp-content\/uploads\/2024\/09\/AO1IBR-2019-480x320.jpg\" alt=\"\"> \t\t\t\t\t\t\t\t\t\n\t\t\t<\/div>\n\t\t\t \t\n\t\t<\/li>\n\t\n\n\t\t<li class=\"box five last\" data-rt-animate=\"animate\" data-rt-animation-type=\"fadeIn\">\n\t\t\t<div class=\"imgeffect\">\t\n\t\t\t\t<a id=\"lightbox-254139\" class=\"icon-zoom-in lightbox_ single\" data-group=\"266199\" title=\"Enlarge Image\" data-title=\"\" data-description=\"\" data-thumbnail=\"https:\/\/www.iberradio.es\/wp-content\/uploads\/2024\/09\/AO1IBR-2018-75x50.jpg\" data-thumbTooltip=\"\" data-scaleUp=\"\" data-href=\"\" data-width=\"\" data-height=\"\" data-flashHasPriority=\"\" data-poster=\"\" data-autoplay=\"\" data-audiotitle=\"\" href=\"https:\/\/www.iberradio.es\/wp-content\/uploads\/2024\/09\/AO1IBR-2018.jpg\"><\/a>\t\t\t\t\t\t\t\n\t\t\t\t<img decoding=\"async\" src=\"https:\/\/www.iberradio.es\/wp-content\/uploads\/2024\/09\/AO1IBR-2018-480x320.jpg\" alt=\"\"> \t\t\t\t\t\t\t\t\t\n\t\t\t<\/div>\n\t\t\t \t\n\t\t<\/li>\n\t\n\n\t\t<li class=\"box five first\" data-rt-animate=\"animate\" data-rt-animation-type=\"fadeIn\">\n\t\t\t<div class=\"imgeffect\">\t\n\t\t\t\t<a id=\"lightbox-133391\" class=\"icon-zoom-in lightbox_ single\" data-group=\"266199\" title=\"Enlarge Image\" data-title=\"\" data-description=\"\" data-thumbnail=\"https:\/\/www.iberradio.es\/wp-content\/uploads\/2024\/09\/AO1IBR-2017-75x50.jpg\" data-thumbTooltip=\"\" data-scaleUp=\"\" data-href=\"\" data-width=\"\" data-height=\"\" data-flashHasPriority=\"\" data-poster=\"\" data-autoplay=\"\" data-audiotitle=\"\" href=\"https:\/\/www.iberradio.es\/wp-content\/uploads\/2024\/09\/AO1IBR-2017.jpg\"><\/a>\t\t\t\t\t\t\t\n\t\t\t\t<img decoding=\"async\" src=\"https:\/\/www.iberradio.es\/wp-content\/uploads\/2024\/09\/AO1IBR-2017-480x320.jpg\" alt=\"\"> \t\t\t\t\t\t\t\t\t\n\t\t\t<\/div>\n\t\t\t \t\n\t\t<\/li>\n\t\n\n\t\t<li class=\"box five\" data-rt-animate=\"animate\" data-rt-animation-type=\"fadeIn\">\n\t\t\t<div class=\"imgeffect\">\t\n\t\t\t\t<a id=\"lightbox-896262\" class=\"icon-zoom-in lightbox_ single\" data-group=\"266199\" title=\"Enlarge Image\" data-title=\"\" data-description=\"\" data-thumbnail=\"https:\/\/www.iberradio.es\/wp-content\/uploads\/2024\/09\/AO1IBR-2016-75x50.jpg\" data-thumbTooltip=\"\" data-scaleUp=\"\" data-href=\"\" data-width=\"\" data-height=\"\" data-flashHasPriority=\"\" data-poster=\"\" data-autoplay=\"\" data-audiotitle=\"\" href=\"https:\/\/www.iberradio.es\/wp-content\/uploads\/2024\/09\/AO1IBR-2016.jpg\"><\/a>\t\t\t\t\t\t\t\n\t\t\t\t<img decoding=\"async\" src=\"https:\/\/www.iberradio.es\/wp-content\/uploads\/2024\/09\/AO1IBR-2016-480x320.jpg\" alt=\"\"> \t\t\t\t\t\t\t\t\t\n\t\t\t<\/div>\n\t\t\t \t\n\t\t<\/li>\n\t\n<\/ul><div class=\"clear\"><\/div><\/div>\n","protected":false},"excerpt":{"rendered":"<p>Varios operadores desde diferentes puntos de la pen\u00ednsula est\u00e1n activos un a\u00f1o m\u00e1s como AO1IBR para celebrar la d\u00e9cima edici\u00f3n de IberRadio. El indicativo especial estar\u00e1 en el aire hasta el d\u00eda 20 de septiembre. Las QSL ser\u00e1n v\u00eda EA4URE. Esperamos escucharos en las bandas.<\/p>\n","protected":false},"author":1,"featured_media":9499,"comment_status":"closed","ping_status":"closed","sticky":false,"template":"","format":"standard","meta":{"footnotes":""},"categories":[5],"tags":[],"class_list":["post-10350","post","type-post","status-publish","format-standard","has-post-thumbnail","hentry","category-ultimas-noticias"],"_links":{"self":[{"href":"https:\/\/www.iberradio.es\/en\/wp-json\/wp\/v2\/posts\/10350","targetHints":{"allow":["GET"]}}],"collection":[{"href":"https:\/\/www.iberradio.es\/en\/wp-json\/wp\/v2\/posts"}],"about":[{"href":"https:\/\/www.iberradio.es\/en\/wp-json\/wp\/v2\/types\/post"}],"author":[{"embeddable":true,"href":"https:\/\/www.iberradio.es\/en\/wp-json\/wp\/v2\/users\/1"}],"replies":[{"embeddable":true,"href":"https:\/\/www.iberradio.es\/en\/wp-json\/wp\/v2\/comments?post=10350"}],"version-history":[{"count":9,"href":"https:\/\/www.iberradio.es\/en\/wp-json\/wp\/v2\/posts\/10350\/revisions"}],"predecessor-version":[{"id":10568,"href":"https:\/\/www.iberradio.es\/en\/wp-json\/wp\/v2\/posts\/10350\/revisions\/10568"}],"wp:featuredmedia":[{"embeddable":true,"href":"https:\/\/www.iberradio.es\/en\/wp-json\/wp\/v2\/media\/9499"}],"wp:attachment":[{"href":"https:\/\/www.iberradio.es\/en\/wp-json\/wp\/v2\/media?parent=10350"}],"wp:term":[{"taxonomy":"category","embeddable":true,"href":"https:\/\/www.iberradio.es\/en\/wp-json\/wp\/v2\/categories?post=10350"},{"taxonomy":"post_tag","embeddable":true,"href":"https:\/\/www.iberradio.es\/en\/wp-json\/wp\/v2\/tags?post=10350"}],"curies":[{"name":"wp","href":"https:\/\/api.w.org\/{rel}","templated":true}]}}