{"id":10407,"date":"2024-09-18T11:31:14","date_gmt":"2024-09-18T09:31:14","guid":{"rendered":"https:\/\/www.iberradio.es\/?p=10407"},"modified":"2024-09-18T11:31:14","modified_gmt":"2024-09-18T09:31:14","slug":"presentacion-del-libro-radioaficionados-en-el-siglo-xxi","status":"publish","type":"post","link":"https:\/\/www.iberradio.es\/en\/presentacion-del-libro-radioaficionados-en-el-siglo-xxi\/","title":{"rendered":"Presentaci\u00f3n del libro \u201cRadioaficionados en el siglo XXI\u201d"},"content":{"rendered":"<p><center><\/p>\n<blockquote>\n<p style=\"text-align: center;\"><span style=\"font-size: 21px;\"><b><span style=\"color: #000080;\">Oferta de lanzamiento del libro<br \/>\n<span style=\"font-size: 29px;\"><span style=\"color: #000080;\"><br \/>\n\u201cRadioaficionados en el siglo XXI\u201d<\/span><\/span><\/span><\/b><\/span><br \/>\n<span style=\"font-size: 21px;\"><strong><br \/>\nDisponible en IberRadio<\/strong><\/span><\/p>\n<\/blockquote>\n<p><\/center><\/p>\n<p style=\"text-align: center;\"><em><span style=\"font-size: 17px;\">Radioaficionados en el siglo XXI no es un libro t\u00e9cnico en el m\u00e1s estricto sentido de la palabra.<\/span><\/em><\/p>\n<p style=\"text-align: justify;\"><img decoding=\"async\" class=\"alignright wp-image-1510079 size-medium\" title=\"Radioaficionados en el siglo XXI\" src=\"https:\/\/www.ure.es\/wp-content\/uploads\/2024\/09\/Radioaficionados-en-el-siglo-XXI.jpg\" alt=\"Radioaficionados en el siglo XXI\" width=\"40%\" \/><\/p>\n<p style=\"text-align: justify;\"><span style=\"font-size: 17px;\">Es m\u00e1s bien una aproximaci\u00f3n a lo que ha sido la radioafici\u00f3n desde los albores de la radio, hace m\u00e1s de un siglo, a lo que es en estos momentos y a lo que puede llegar a ser en las pr\u00f3ximas d\u00e9cadas del siglo XXI a causa del acelerado avance de la electr\u00f3nica y de las t\u00e9cnicas digitales, potenciadas por ese fen\u00f3meno llamado internet.<br \/>\nEs una aproximaci\u00f3n period\u00edstica, mediante un lenguaje comprensible, a una hermosa afici\u00f3n que, pese a lo que algunos puedan pensar, no est\u00e1 condenada a desaparecer, pues soy de los que creen que la revoluci\u00f3n digital, la inteligencia artificial y la inform\u00e1tica cu\u00e1ntica \u2014ese futuro que ya es presente en muchos aspectos\u2014, adem\u00e1s de su vertiente social y de colaboraci\u00f3n altruista, la har\u00e1n cada vez m\u00e1s atractiva para las generaciones j\u00f3venes.<br \/>\nQueremos advertir que todo lo escrito en este libro es radioafici\u00f3n, aunque no toda la radioafici\u00f3n est\u00e9 contenida en \u00e9l.<\/span><\/p>\n<p style=\"text-align: justify;\"><span style=\"font-size: 17px;\"><img decoding=\"async\" class=\"alignleft wp-image-1510089 size-medium\" title=\"EA5ME Arturo Andreu\" src=\"https:\/\/www.ure.es\/wp-content\/uploads\/2024\/09\/ea5me-225x300.jpg\" alt=\"EA5ME Arturo Andreu\" width=\"26%\" \/>Arturo Andreu, radioaficionado desde hace m\u00e1s de 50 a\u00f1os, naci\u00f3 en Murcia, en cuya Universidad curs\u00f3 estudios de Derecho, gradu\u00e1ndose despu\u00e9s en periodismo, en Madrid.<br \/>\nHa sido redactor del diario La Verdad de Murcia. Jefe de departamento de dicho peri\u00f3dico en Elda y Elche (Alicante). Jefe de nacional en Diario de Las Palmas. Director de Radio 80 en Murcia. Director de la revista de econom\u00eda La Voz de la Empresa, y director de Comunicaci\u00f3n y Relaciones Externas de El Corte Ingl\u00e9s para Murcia, Alicante y Albacete.En 1984 public\u00f3 el libro Qu\u00e9 es la radioafici\u00f3n, reeditado tres veces, y desde hace doce a\u00f1os colabora con la revista Radioaficionados, en la que es coordinador de la secci\u00f3n \u201cLo que aprendemos en los foros de la URE\u201d.<\/span><\/p>\n<p>&nbsp;<\/p>\n<table style=\"width: 100%; border-collapse: collapse;\">\n<tbody>\n<tr>\n<td style=\"width: 100%; background-color: #d1d1d1;\">\n<p style=\"text-align: justify;\"><span style=\"font-size: 16px;\"><strong>Libro de tapa blanda y encuadernaci\u00f3n r\u00fastica, de 240 mm x 170 mm que se compone de 360 p\u00e1ginas.<\/strong><\/span><br \/>\n<span style=\"font-size: 16px;\">Con el siguiente \u00edndice general:<\/span><\/p>\n<ul>\n<li style=\"text-align: justify;\"><span style=\"font-size: 14px;\">Pre\u00e1mbulo: La radioafici\u00f3n es diversi\u00f3n, experimentaci\u00f3n, investigaci\u00f3n, ciencia.<\/span><\/li>\n<li style=\"text-align: justify;\"><span style=\"font-size: 14px;\">Cap\u00edtulo 1. Qu\u00e9 es ser radioaficionado en el siglo XXI<\/span><\/li>\n<li style=\"text-align: justify;\"><span style=\"font-size: 14px;\">Cap\u00edtulo 2. C\u00f3mo ha evolucionado la radioafici\u00f3n<\/span><\/li>\n<li style=\"text-align: justify;\"><span style=\"font-size: 14px;\">Cap\u00edtulo 3. Un lugar de honor para los radioaficionados en la historia de las comunicaciones<\/span><\/li>\n<li style=\"text-align: justify;\"><span style=\"font-size: 14px;\">Cap\u00edtulo 4. Cien a\u00f1os que han cambiado el mundo. Lideremos los pr\u00f3ximos cien<\/span><\/li>\n<li style=\"text-align: justify;\"><span style=\"font-size: 14px;\">Cap\u00edtulo 5. Los desaf\u00edos tecnol\u00f3gicos han superado nuestros m\u00e1s descabellados sue\u00f1os<\/span><\/li>\n<li style=\"text-align: justify;\"><span style=\"font-size: 14px;\">Cap\u00edtulo 6. Ordenaci\u00f3n del espectro radioel\u00e9ctrico y bandas asignadas a los radioaficionados<\/span><\/li>\n<li style=\"text-align: justify;\"><span style=\"font-size: 14px;\">Cap\u00edtulo 7. Los ciclos solares y su influencia en la propagaci\u00f3n de las ondas de radio<\/span><\/li>\n<li style=\"text-align: justify;\"><span style=\"font-size: 14px;\">Cap\u00edtulo 8. Propagaci\u00f3n por Espor\u00e1dica E: Cuando una banda \u201cmuerta\u201d se llena de se\u00f1ales atronadoras<\/span><\/li>\n<li style=\"text-align: justify;\"><span style=\"font-size: 14px;\">Cap\u00edtulo 9. Otros modos de propagaci\u00f3n de las ondas: L\u00ednea gris, Dispersi\u00f3n mete\u00f3rica, NVIS, Dispersi\u00f3n transecuatorial, y Aurora<\/span><\/li>\n<li style=\"text-align: justify;\"><span style=\"font-size: 14px;\">Cap\u00edtulo 10. El Morse revolucion\u00f3 las comunicaciones, el comercio y el periodismo<\/span><\/li>\n<li style=\"text-align: justify;\"><span style=\"font-size: 14px;\">Cap\u00edtulo 11. Tipos de modulaci\u00f3n: CW, AM, FM, SSB o Banda Lateral \u00danica, y sistemas digitales<\/span><\/li>\n<li style=\"text-align: justify;\"><span style=\"font-size: 14px;\">Cap\u00edtulo 12. La revoluci\u00f3n digital: T\u00e9cnicas de la radioastronom\u00eda en programas para la radioafici\u00f3n<\/span><\/li>\n<li style=\"text-align: justify;\"><span style=\"font-size: 14px;\">Cap\u00edtulo 13. FT8, el modo digital que desde 2018 arrasa en las bandas<\/span><\/li>\n<li style=\"text-align: justify;\"><span style=\"font-size: 14px;\">Cap\u00edtulo 14. C\u00f3mo instalar nuestra primera estaci\u00f3n de radio sin gastar mucho dinero<\/span><\/li>\n<li style=\"text-align: justify;\"><span style=\"font-size: 14px;\">Cap\u00edtulo 15. SDR: La Radio Definida por Software<\/span><\/li>\n<li style=\"text-align: justify;\"><span style=\"font-size: 14px;\">Cap\u00edtulo 16. Accesorios necesarios o aconsejables en la estaci\u00f3n de radio<\/span><\/li>\n<li style=\"text-align: justify;\"><span style=\"font-size: 14px;\">Cap\u00edtulo 17. La antena, elemento esencial en una estaci\u00f3n de radioaficionado<\/span><\/li>\n<li style=\"text-align: justify;\"><span style=\"font-size: 14px;\">Cap\u00edtulo 18. Importancia de los cables coaxiales en el rendimiento de los equipos de radio<\/span><\/li>\n<li style=\"text-align: justify;\"><span style=\"font-size: 14px;\">Cap\u00edtulo 19. Escuchar mucho a otros radioaficionados para ser un buen operador de radio<\/span><\/li>\n<li style=\"text-align: justify;\"><span style=\"font-size: 14px;\">Cap\u00edtulo 20. Pasos para la obtenci\u00f3n de la licencia de radioaficionado<\/span><\/li>\n<li style=\"text-align: justify;\"><span style=\"font-size: 14px;\">Cap\u00edtulo 21. Conceptos b\u00e1sicos para entender la electricidad y la electr\u00f3nica<\/span><\/li>\n<li><span style=\"font-size: 14px;\">Cap\u00edtulo 22. Ap\u00e9ndices:<\/span>\n<ul>\n<li style=\"text-align: justify;\"><span style=\"font-size: 14px;\">El c\u00f3digo del radioaficionado<\/span><\/li>\n<li style=\"text-align: justify;\"><span style=\"font-size: 14px;\">Los c\u00f3digos: Q, RST, SINPO y morse<\/span><\/li>\n<li style=\"text-align: justify;\"><span style=\"font-size: 14px;\">Cuadro de atribuci\u00f3n de la U.I.T<\/span><\/li>\n<li style=\"text-align: justify;\"><span style=\"font-size: 14px;\">Plan de Bandas IARU Regi\u00f3n 1<\/span><\/li>\n<li style=\"text-align: justify;\"><span style=\"font-size: 14px;\">Ley de Antenas<\/span><\/li>\n<\/ul>\n<\/li>\n<\/ul>\n<\/td>\n<\/tr>\n<\/tbody>\n<\/table>\n","protected":false},"excerpt":{"rendered":"<p>Oferta de lanzamiento del libro \u201cRadioaficionados en el siglo XXI\u201d Disponible en IberRadio Radioaficionados en el siglo XXI no es un libro t\u00e9cnico en el m\u00e1s estricto sentido de la palabra. Es m\u00e1s bien una aproximaci\u00f3n a lo que ha sido la radioafici\u00f3n desde los albores de la radio, hace m\u00e1s de un siglo, a [&hellip;]<\/p>\n","protected":false},"author":1,"featured_media":10414,"comment_status":"closed","ping_status":"closed","sticky":false,"template":"","format":"standard","meta":{"footnotes":""},"categories":[5],"tags":[],"class_list":["post-10407","post","type-post","status-publish","format-standard","has-post-thumbnail","hentry","category-ultimas-noticias"],"_links":{"self":[{"href":"https:\/\/www.iberradio.es\/en\/wp-json\/wp\/v2\/posts\/10407","targetHints":{"allow":["GET"]}}],"collection":[{"href":"https:\/\/www.iberradio.es\/en\/wp-json\/wp\/v2\/posts"}],"about":[{"href":"https:\/\/www.iberradio.es\/en\/wp-json\/wp\/v2\/types\/post"}],"author":[{"embeddable":true,"href":"https:\/\/www.iberradio.es\/en\/wp-json\/wp\/v2\/users\/1"}],"replies":[{"embeddable":true,"href":"https:\/\/www.iberradio.es\/en\/wp-json\/wp\/v2\/comments?post=10407"}],"version-history":[{"count":7,"href":"https:\/\/www.iberradio.es\/en\/wp-json\/wp\/v2\/posts\/10407\/revisions"}],"predecessor-version":[{"id":10415,"href":"https:\/\/www.iberradio.es\/en\/wp-json\/wp\/v2\/posts\/10407\/revisions\/10415"}],"wp:featuredmedia":[{"embeddable":true,"href":"https:\/\/www.iberradio.es\/en\/wp-json\/wp\/v2\/media\/10414"}],"wp:attachment":[{"href":"https:\/\/www.iberradio.es\/en\/wp-json\/wp\/v2\/media?parent=10407"}],"wp:term":[{"taxonomy":"category","embeddable":true,"href":"https:\/\/www.iberradio.es\/en\/wp-json\/wp\/v2\/categories?post=10407"},{"taxonomy":"post_tag","embeddable":true,"href":"https:\/\/www.iberradio.es\/en\/wp-json\/wp\/v2\/tags?post=10407"}],"curies":[{"name":"wp","href":"https:\/\/api.w.org\/{rel}","templated":true}]}}