{"id":9852,"date":"2022-09-07T00:01:25","date_gmt":"2022-09-06T22:01:25","guid":{"rendered":"https:\/\/www.iberradio.es\/?p=9852"},"modified":"2023-05-24T08:18:02","modified_gmt":"2023-05-24T06:18:02","slug":"pulsacom-comunicaciones-profesionales-poc-pulsa-y-comunicate-por-monica-vera","status":"publish","type":"post","link":"https:\/\/www.iberradio.es\/en\/pulsacom-comunicaciones-profesionales-poc-pulsa-y-comunicate-por-monica-vera\/","title":{"rendered":"CHARLA &#8211; PULSACOM &#8211; Comunicaciones profesionales POC: Pulsa y comun\u00edcate por M\u00f3nica Vera"},"content":{"rendered":"<h4 align=\"justify\">La Tecnolog\u00eda POC (Push to talk Over Cellular) re\u00fane lo mejor de la radio convencional y lo mejor de la telefon\u00eda m\u00f3vil, usando tecnolog\u00eda 3G, 4G, 5G&#8230; y permitiendo as\u00ed hacer uso de las infraestructuras de los operadores m\u00f3viles. Se trata de un software que recoge todas las necesidades de comunicaciones grupal e individual, localizaci\u00f3n, cartograf\u00eda, geocercas, grabaci\u00f3n de voz o historial de llamadas. Es mucho m\u00e1s que una soluci\u00f3n de comunicaci\u00f3n.<\/h4>\n","protected":false},"excerpt":{"rendered":"<p>La Tecnolog\u00eda POC (Push to talk Over Cellular) re\u00fane lo mejor de la radio convencional y lo mejor de la telefon\u00eda m\u00f3vil, usando tecnolog\u00eda 3G, 4G, 5G&#8230; y permitiendo as\u00ed hacer uso de las infraestructuras de los operadores m\u00f3viles. Se trata de un software que recoge todas las necesidades de comunicaciones grupal e individual, localizaci\u00f3n, [&hellip;]<\/p>\n","protected":false},"author":1,"featured_media":9853,"comment_status":"closed","ping_status":"closed","sticky":false,"template":"","format":"standard","meta":{"footnotes":""},"categories":[70],"tags":[],"class_list":["post-9852","post","type-post","status-publish","format-standard","has-post-thumbnail","hentry","category-noticias-2022"],"_links":{"self":[{"href":"https:\/\/www.iberradio.es\/en\/wp-json\/wp\/v2\/posts\/9852","targetHints":{"allow":["GET"]}}],"collection":[{"href":"https:\/\/www.iberradio.es\/en\/wp-json\/wp\/v2\/posts"}],"about":[{"href":"https:\/\/www.iberradio.es\/en\/wp-json\/wp\/v2\/types\/post"}],"author":[{"embeddable":true,"href":"https:\/\/www.iberradio.es\/en\/wp-json\/wp\/v2\/users\/1"}],"replies":[{"embeddable":true,"href":"https:\/\/www.iberradio.es\/en\/wp-json\/wp\/v2\/comments?post=9852"}],"version-history":[{"count":2,"href":"https:\/\/www.iberradio.es\/en\/wp-json\/wp\/v2\/posts\/9852\/revisions"}],"predecessor-version":[{"id":9882,"href":"https:\/\/www.iberradio.es\/en\/wp-json\/wp\/v2\/posts\/9852\/revisions\/9882"}],"wp:featuredmedia":[{"embeddable":true,"href":"https:\/\/www.iberradio.es\/en\/wp-json\/wp\/v2\/media\/9853"}],"wp:attachment":[{"href":"https:\/\/www.iberradio.es\/en\/wp-json\/wp\/v2\/media?parent=9852"}],"wp:term":[{"taxonomy":"category","embeddable":true,"href":"https:\/\/www.iberradio.es\/en\/wp-json\/wp\/v2\/categories?post=9852"},{"taxonomy":"post_tag","embeddable":true,"href":"https:\/\/www.iberradio.es\/en\/wp-json\/wp\/v2\/tags?post=9852"}],"curies":[{"name":"wp","href":"https:\/\/api.w.org\/{rel}","templated":true}]}}