{"id":10260,"date":"2024-08-05T08:00:45","date_gmt":"2024-08-05T06:00:45","guid":{"rendered":"https:\/\/www.iberradio.es\/?p=10260"},"modified":"2024-08-01T13:06:20","modified_gmt":"2024-08-01T11:06:20","slug":"charla-20-anos-de-resultados-y-desarrollo-de-la-estacion-portatil-dr9a","status":"publish","type":"post","link":"https:\/\/www.iberradio.es\/pt\/charla-20-anos-de-resultados-y-desarrollo-de-la-estacion-portatil-dr9a\/","title":{"rendered":"Charla: 20 a\u00f1os de resultados y desarrollo de la estaci\u00f3n &#8220;port\u00e1til&#8221; DR9A"},"content":{"rendered":"<h4 style=\"text-align: justify;\"><b>HB9DUR<\/b> Andrea Bianchi nos hablara sobra la famosa estaci\u00f3n de concursos de V-UHF, <b>DR9A<\/b>, estaci\u00f3n totalmente port\u00e1til y preparada para los grandes concursos de VHF-UHF y un referente a nivel mundial.<\/h4>\n<h4 style=\"text-align: justify;\">20 a\u00f1os de historia dan para mucho&#8230; Seguro que no defrauda.<\/h4>\n<h4 style=\"text-align: justify;\">Esta ponencia estar\u00e1 patrocinada por <strong><a href=\"https:\/\/www.hambuy.es\/\" rel=\"noopener\" target=\"_blank\">HAMBUY EC5AN<\/a><\/strong>.<\/h4>\n","protected":false},"excerpt":{"rendered":"<p>HB9DUR Andrea Bianchi nos hablara sobra la famosa estaci\u00f3n de concursos de V-UHF, DR9A, estaci\u00f3n totalmente port\u00e1til y preparada para los grandes concursos de VHF-UHF y un referente a nivel mundial. 20 a\u00f1os de historia dan para mucho&#8230; Seguro que no defrauda. Esta ponencia estar\u00e1 patrocinada por HAMBUY EC5AN.<\/p>\n","protected":false},"author":1,"featured_media":10261,"comment_status":"closed","ping_status":"closed","sticky":false,"template":"","format":"standard","meta":{"footnotes":""},"categories":[5],"tags":[],"class_list":["post-10260","post","type-post","status-publish","format-standard","has-post-thumbnail","hentry","category-ultimas-noticias"],"_links":{"self":[{"href":"https:\/\/www.iberradio.es\/pt\/wp-json\/wp\/v2\/posts\/10260","targetHints":{"allow":["GET"]}}],"collection":[{"href":"https:\/\/www.iberradio.es\/pt\/wp-json\/wp\/v2\/posts"}],"about":[{"href":"https:\/\/www.iberradio.es\/pt\/wp-json\/wp\/v2\/types\/post"}],"author":[{"embeddable":true,"href":"https:\/\/www.iberradio.es\/pt\/wp-json\/wp\/v2\/users\/1"}],"replies":[{"embeddable":true,"href":"https:\/\/www.iberradio.es\/pt\/wp-json\/wp\/v2\/comments?post=10260"}],"version-history":[{"count":3,"href":"https:\/\/www.iberradio.es\/pt\/wp-json\/wp\/v2\/posts\/10260\/revisions"}],"predecessor-version":[{"id":10264,"href":"https:\/\/www.iberradio.es\/pt\/wp-json\/wp\/v2\/posts\/10260\/revisions\/10264"}],"wp:featuredmedia":[{"embeddable":true,"href":"https:\/\/www.iberradio.es\/pt\/wp-json\/wp\/v2\/media\/10261"}],"wp:attachment":[{"href":"https:\/\/www.iberradio.es\/pt\/wp-json\/wp\/v2\/media?parent=10260"}],"wp:term":[{"taxonomy":"category","embeddable":true,"href":"https:\/\/www.iberradio.es\/pt\/wp-json\/wp\/v2\/categories?post=10260"},{"taxonomy":"post_tag","embeddable":true,"href":"https:\/\/www.iberradio.es\/pt\/wp-json\/wp\/v2\/tags?post=10260"}],"curies":[{"name":"wp","href":"https:\/\/api.w.org\/{rel}","templated":true}]}}