{"id":10268,"date":"2024-08-07T08:00:07","date_gmt":"2024-08-07T06:00:07","guid":{"rendered":"https:\/\/www.iberradio.es\/?p=10268"},"modified":"2024-08-21T08:29:03","modified_gmt":"2024-08-21T06:29:03","slug":"diploma-wwa-y-entrega-internacional-de-trofeos","status":"publish","type":"post","link":"https:\/\/www.iberradio.es\/pt\/diploma-wwa-y-entrega-internacional-de-trofeos\/","title":{"rendered":"Diploma WWA y entrega internacional de trofeos"},"content":{"rendered":"<p><\/p>\n<h4 style=\"text-align: justify;\">IberRadio tendr\u00e1 el honor de celebrar la ceremonia de entrega de trofeos de los diplomas WWA 2024 y WWA SPRINT 2024 por parte de IK1HJS Carlo De Mari.<\/h4>\n<h4 style=\"text-align: justify;\">En esta ceremonia se entregar\u00e1n los trofeos por parte del staff organizador de Hamaward.cloud. Os esperamos a todos los ganadores.<\/h4>\n<h4 style=\"text-align: justify;\">Aqu\u00ed ten\u00e9is la nota de prensa de ellos <strong><a href=\"https:\/\/hamaward.cloud\/wwa\/results\" rel=\"noopener\" target=\"_blank\">https:\/\/hamaward.cloud\/wwa\/results<\/a><\/strong><\/h4>\n<p><\/p>","protected":false},"excerpt":{"rendered":"<p>IberRadio tendr\u00e1 el honor de celebrar la ceremonia de entrega de trofeos de los diplomas WWA 2024 y WWA SPRINT 2024 por parte de IK1HJS Carlo De Mari. En esta ceremonia se entregar\u00e1n los trofeos por parte del staff organizador de Hamaward.cloud. Os esperamos a todos los ganadores. Aqu\u00ed ten\u00e9is la nota de prensa de [&hellip;]<\/p>\n","protected":false},"author":1,"featured_media":10285,"comment_status":"closed","ping_status":"closed","sticky":false,"template":"","format":"standard","meta":{"footnotes":""},"categories":[5],"tags":[],"class_list":["post-10268","post","type-post","status-publish","format-standard","has-post-thumbnail","hentry","category-ultimas-noticias"],"_links":{"self":[{"href":"https:\/\/www.iberradio.es\/pt\/wp-json\/wp\/v2\/posts\/10268","targetHints":{"allow":["GET"]}}],"collection":[{"href":"https:\/\/www.iberradio.es\/pt\/wp-json\/wp\/v2\/posts"}],"about":[{"href":"https:\/\/www.iberradio.es\/pt\/wp-json\/wp\/v2\/types\/post"}],"author":[{"embeddable":true,"href":"https:\/\/www.iberradio.es\/pt\/wp-json\/wp\/v2\/users\/1"}],"replies":[{"embeddable":true,"href":"https:\/\/www.iberradio.es\/pt\/wp-json\/wp\/v2\/comments?post=10268"}],"version-history":[{"count":4,"href":"https:\/\/www.iberradio.es\/pt\/wp-json\/wp\/v2\/posts\/10268\/revisions"}],"predecessor-version":[{"id":10283,"href":"https:\/\/www.iberradio.es\/pt\/wp-json\/wp\/v2\/posts\/10268\/revisions\/10283"}],"wp:featuredmedia":[{"embeddable":true,"href":"https:\/\/www.iberradio.es\/pt\/wp-json\/wp\/v2\/media\/10285"}],"wp:attachment":[{"href":"https:\/\/www.iberradio.es\/pt\/wp-json\/wp\/v2\/media?parent=10268"}],"wp:term":[{"taxonomy":"category","embeddable":true,"href":"https:\/\/www.iberradio.es\/pt\/wp-json\/wp\/v2\/categories?post=10268"},{"taxonomy":"post_tag","embeddable":true,"href":"https:\/\/www.iberradio.es\/pt\/wp-json\/wp\/v2\/tags?post=10268"}],"curies":[{"name":"wp","href":"https:\/\/api.w.org\/{rel}","templated":true}]}}