{"id":10272,"date":"2024-08-06T08:00:41","date_gmt":"2024-08-06T06:00:41","guid":{"rendered":"https:\/\/www.iberradio.es\/?p=10272"},"modified":"2024-08-23T10:05:52","modified_gmt":"2024-08-23T08:05:52","slug":"puesta-a-tierra-la-seguridad-es-lo-primero","status":"publish","type":"post","link":"https:\/\/www.iberradio.es\/pt\/puesta-a-tierra-la-seguridad-es-lo-primero\/","title":{"rendered":"Charla: Puesta a tierra \u2013 La seguridad es lo primero"},"content":{"rendered":"<h4 style=\"text-align: justify;\">\u201cLa legislaci\u00f3n de la Puesta a Tierra de instalaciones de comunicaciones es pobre y ambigua. Esta presentaci\u00f3n propone soluciones pr\u00e1cticas, aplicadas a las instalaciones de radioaficionados, que minimizar\u00e1n los riesgos ante ca\u00edda de rayos en las proximidades o en la propia instalaci\u00f3n\u201d.<\/h4>\n<h4 style=\"text-align: justify;\">Comentaros que desempe\u00f1o mi trabajo en Iberdrola, en mantenimiento y construcci\u00f3n de subestaciones el\u00e9ctricas de muy alta tensi\u00f3n, por m\u00e1s de 30 a\u00f1os. Sumada esta experiencia a la propia de radioaficionado con m\u00e1s de 41 a\u00f1os, me siento con la convicci\u00f3n de que las soluciones propuestas en la presentaci\u00f3n, sorprender\u00e1 a muchos asistentes, para conseguir una instalaci\u00f3n equipotencial y por lo tanto segura para las personas.<\/h4>\n","protected":false},"excerpt":{"rendered":"<p>\u201cLa legislaci\u00f3n de la Puesta a Tierra de instalaciones de comunicaciones es pobre y ambigua. Esta presentaci\u00f3n propone soluciones pr\u00e1cticas, aplicadas a las instalaciones de radioaficionados, que minimizar\u00e1n los riesgos ante ca\u00edda de rayos en las proximidades o en la propia instalaci\u00f3n\u201d. Comentaros que desempe\u00f1o mi trabajo en Iberdrola, en mantenimiento y construcci\u00f3n de subestaciones [&hellip;]<\/p>\n","protected":false},"author":1,"featured_media":10274,"comment_status":"closed","ping_status":"closed","sticky":false,"template":"","format":"standard","meta":{"footnotes":""},"categories":[5],"tags":[],"class_list":["post-10272","post","type-post","status-publish","format-standard","has-post-thumbnail","hentry","category-ultimas-noticias"],"_links":{"self":[{"href":"https:\/\/www.iberradio.es\/pt\/wp-json\/wp\/v2\/posts\/10272","targetHints":{"allow":["GET"]}}],"collection":[{"href":"https:\/\/www.iberradio.es\/pt\/wp-json\/wp\/v2\/posts"}],"about":[{"href":"https:\/\/www.iberradio.es\/pt\/wp-json\/wp\/v2\/types\/post"}],"author":[{"embeddable":true,"href":"https:\/\/www.iberradio.es\/pt\/wp-json\/wp\/v2\/users\/1"}],"replies":[{"embeddable":true,"href":"https:\/\/www.iberradio.es\/pt\/wp-json\/wp\/v2\/comments?post=10272"}],"version-history":[{"count":3,"href":"https:\/\/www.iberradio.es\/pt\/wp-json\/wp\/v2\/posts\/10272\/revisions"}],"predecessor-version":[{"id":10291,"href":"https:\/\/www.iberradio.es\/pt\/wp-json\/wp\/v2\/posts\/10272\/revisions\/10291"}],"wp:featuredmedia":[{"embeddable":true,"href":"https:\/\/www.iberradio.es\/pt\/wp-json\/wp\/v2\/media\/10274"}],"wp:attachment":[{"href":"https:\/\/www.iberradio.es\/pt\/wp-json\/wp\/v2\/media?parent=10272"}],"wp:term":[{"taxonomy":"category","embeddable":true,"href":"https:\/\/www.iberradio.es\/pt\/wp-json\/wp\/v2\/categories?post=10272"},{"taxonomy":"post_tag","embeddable":true,"href":"https:\/\/www.iberradio.es\/pt\/wp-json\/wp\/v2\/tags?post=10272"}],"curies":[{"name":"wp","href":"https:\/\/api.w.org\/{rel}","templated":true}]}}