{"id":10277,"date":"2024-08-08T08:00:56","date_gmt":"2024-08-08T06:00:56","guid":{"rendered":"https:\/\/www.iberradio.es\/?p=10277"},"modified":"2024-08-23T10:06:12","modified_gmt":"2024-08-23T08:06:12","slug":"inteligencia-de-fuentes-abiertas-osint-con-aprs","status":"publish","type":"post","link":"https:\/\/www.iberradio.es\/pt\/inteligencia-de-fuentes-abiertas-osint-con-aprs\/","title":{"rendered":"Charla: Inteligencia de fuentes abiertas (OSINT) con APRS"},"content":{"rendered":"<h4 style=\"text-align: justify;\">Se ha desarrollado un sistema que, a partir de los paquetes APRS, enlaza con varias p\u00e1ginas web y permite hacer b\u00fasquedas y aplicar filtros sobre los indicativos que aparecen.<br \/>\nLa novedad es que una vez que selecciona un indicativo, muestra toda la informaci\u00f3n que encuentra sobre \u00e9l. En algunos casos, eso incluye la direcci\u00f3n postal completa.<\/h4>\n<h4 style=\"text-align: justify;\">El objetivo es concienciar de que, a veces, hacemos p\u00fablica m\u00e1s informaci\u00f3n de la que debi\u00e9ramos, y que tenemos que proteger nuestros datos en todos los \u00e1mbitos.<\/h4>\n","protected":false},"excerpt":{"rendered":"<p>Se ha desarrollado un sistema que, a partir de los paquetes APRS, enlaza con varias p\u00e1ginas web y permite hacer b\u00fasquedas y aplicar filtros sobre los indicativos que aparecen. La novedad es que una vez que selecciona un indicativo, muestra toda la informaci\u00f3n que encuentra sobre \u00e9l. En algunos casos, eso incluye la direcci\u00f3n postal [&hellip;]<\/p>\n","protected":false},"author":1,"featured_media":10278,"comment_status":"closed","ping_status":"closed","sticky":false,"template":"","format":"standard","meta":{"footnotes":""},"categories":[5],"tags":[],"class_list":["post-10277","post","type-post","status-publish","format-standard","has-post-thumbnail","hentry","category-ultimas-noticias"],"_links":{"self":[{"href":"https:\/\/www.iberradio.es\/pt\/wp-json\/wp\/v2\/posts\/10277","targetHints":{"allow":["GET"]}}],"collection":[{"href":"https:\/\/www.iberradio.es\/pt\/wp-json\/wp\/v2\/posts"}],"about":[{"href":"https:\/\/www.iberradio.es\/pt\/wp-json\/wp\/v2\/types\/post"}],"author":[{"embeddable":true,"href":"https:\/\/www.iberradio.es\/pt\/wp-json\/wp\/v2\/users\/1"}],"replies":[{"embeddable":true,"href":"https:\/\/www.iberradio.es\/pt\/wp-json\/wp\/v2\/comments?post=10277"}],"version-history":[{"count":3,"href":"https:\/\/www.iberradio.es\/pt\/wp-json\/wp\/v2\/posts\/10277\/revisions"}],"predecessor-version":[{"id":10292,"href":"https:\/\/www.iberradio.es\/pt\/wp-json\/wp\/v2\/posts\/10277\/revisions\/10292"}],"wp:featuredmedia":[{"embeddable":true,"href":"https:\/\/www.iberradio.es\/pt\/wp-json\/wp\/v2\/media\/10278"}],"wp:attachment":[{"href":"https:\/\/www.iberradio.es\/pt\/wp-json\/wp\/v2\/media?parent=10277"}],"wp:term":[{"taxonomy":"category","embeddable":true,"href":"https:\/\/www.iberradio.es\/pt\/wp-json\/wp\/v2\/categories?post=10277"},{"taxonomy":"post_tag","embeddable":true,"href":"https:\/\/www.iberradio.es\/pt\/wp-json\/wp\/v2\/tags?post=10277"}],"curies":[{"name":"wp","href":"https:\/\/api.w.org\/{rel}","templated":true}]}}