{"id":10301,"date":"2024-08-26T08:00:46","date_gmt":"2024-08-26T06:00:46","guid":{"rendered":"https:\/\/www.iberradio.es\/?p=10301"},"modified":"2024-08-23T10:45:18","modified_gmt":"2024-08-23T08:45:18","slug":"como-iniciarse-en-el-diseno-en-rf-herramientas-y-laboratorio-asequible","status":"publish","type":"post","link":"https:\/\/www.iberradio.es\/pt\/como-iniciarse-en-el-diseno-en-rf-herramientas-y-laboratorio-asequible\/","title":{"rendered":"Charla: \u00bfC\u00f3mo iniciarse en el dise\u00f1o en RF?. Herramientas y Laboratorio asequible"},"content":{"rendered":"<h4 style=\"text-align: justify;\">El objeto de esta charla, es despertar el inter\u00e9s en el dise\u00f1o electr\u00f3nico, y en especial en la parte de RF.<\/h4>\n<h4 style=\"text-align: justify;\">Alex, EA4BFK, nos propondr\u00e1 formas sencillas de ir aprendiendo y posibles \u00e1reas de experimentaci\u00f3n, empleando para ello tanto herramientas de software gratuito para simulaci\u00f3n, dise\u00f1o de circuitos y PCB&#8217;s, as\u00ed como un repaso de los distintos instrumentos que tenemos hoy en d\u00eda, para ir configurando un Laboratorio de medidas a precios muy asequibles.<\/h4>\n","protected":false},"excerpt":{"rendered":"<p>El objeto de esta charla, es despertar el inter\u00e9s en el dise\u00f1o electr\u00f3nico, y en especial en la parte de RF. Alex, EA4BFK, nos propondr\u00e1 formas sencillas de ir aprendiendo y posibles \u00e1reas de experimentaci\u00f3n, empleando para ello tanto herramientas de software gratuito para simulaci\u00f3n, dise\u00f1o de circuitos y PCB&#8217;s, as\u00ed como un repaso de [&hellip;]<\/p>\n","protected":false},"author":1,"featured_media":10303,"comment_status":"closed","ping_status":"closed","sticky":false,"template":"","format":"standard","meta":{"footnotes":""},"categories":[5],"tags":[],"class_list":["post-10301","post","type-post","status-publish","format-standard","has-post-thumbnail","hentry","category-ultimas-noticias"],"_links":{"self":[{"href":"https:\/\/www.iberradio.es\/pt\/wp-json\/wp\/v2\/posts\/10301","targetHints":{"allow":["GET"]}}],"collection":[{"href":"https:\/\/www.iberradio.es\/pt\/wp-json\/wp\/v2\/posts"}],"about":[{"href":"https:\/\/www.iberradio.es\/pt\/wp-json\/wp\/v2\/types\/post"}],"author":[{"embeddable":true,"href":"https:\/\/www.iberradio.es\/pt\/wp-json\/wp\/v2\/users\/1"}],"replies":[{"embeddable":true,"href":"https:\/\/www.iberradio.es\/pt\/wp-json\/wp\/v2\/comments?post=10301"}],"version-history":[{"count":3,"href":"https:\/\/www.iberradio.es\/pt\/wp-json\/wp\/v2\/posts\/10301\/revisions"}],"predecessor-version":[{"id":10305,"href":"https:\/\/www.iberradio.es\/pt\/wp-json\/wp\/v2\/posts\/10301\/revisions\/10305"}],"wp:featuredmedia":[{"embeddable":true,"href":"https:\/\/www.iberradio.es\/pt\/wp-json\/wp\/v2\/media\/10303"}],"wp:attachment":[{"href":"https:\/\/www.iberradio.es\/pt\/wp-json\/wp\/v2\/media?parent=10301"}],"wp:term":[{"taxonomy":"category","embeddable":true,"href":"https:\/\/www.iberradio.es\/pt\/wp-json\/wp\/v2\/categories?post=10301"},{"taxonomy":"post_tag","embeddable":true,"href":"https:\/\/www.iberradio.es\/pt\/wp-json\/wp\/v2\/tags?post=10301"}],"curies":[{"name":"wp","href":"https:\/\/api.w.org\/{rel}","templated":true}]}}