{"id":10381,"date":"2024-09-13T07:46:48","date_gmt":"2024-09-13T05:46:48","guid":{"rendered":"https:\/\/www.iberradio.es\/?p=10381"},"modified":"2024-09-13T07:46:48","modified_gmt":"2024-09-13T05:46:48","slug":"participacion-icom-spain-en-iberradio","status":"publish","type":"post","link":"https:\/\/www.iberradio.es\/pt\/participacion-icom-spain-en-iberradio\/","title":{"rendered":"Participaci\u00f3n Icom Spain en IberRadio"},"content":{"rendered":"<h4 style=\"text-align: justify;\">Icom Spain participa en IberRadio otro a\u00f1o m\u00e1s, y en celebraci\u00f3n del 60 aniversario de Icom, este a\u00f1o exhibir\u00e1n una colecci\u00f3n de equipos antiguos y actuales de radioafici\u00f3n para mostrar la evoluci\u00f3n de la tecnolog\u00eda de Icom. Adicionalmente, expondr\u00e1n los dos equipos especiales del 60 aniversario: el ID-52E PLUS edici\u00f3n limitada 60 aniversario y el novedoso IC-7760.<\/h4>\n<h4 style=\"text-align: justify;\">A las 10.30h tienen programado un peque\u00f1o speech en su stand sobre el presente, pasado y futuro de Icom que durar\u00e1 aproximadamente unos 15 minutos. Al finalizar el speech, comenzar\u00e1n a repartir el merchandising del 60 aniversario: gorras a 5\u20ac y bol\u00edgrafos y bolsas \u201ctote bag\u201d gratis. Tambi\u00e9n habr\u00e1 alguna sorpresa dulce para quienes pasen por su stand&#8230;<\/h4>\n<h4 style=\"text-align: justify;\">Se ha difundido en redes el sorteo de un IC-T10 entre los examinados en IberRadio que consigan su licencia de radioaficionado. Icom Spain recomienda que todos los examinados acudan a presenciar el sorteo al finalizar los ex\u00e1menes. Adem\u00e1s, han preparado ofertas especiales solo disponibles en feria que estar\u00e1n anunciadas en los stands de sus distribuidores.<\/h4>\n<p><img loading=\"lazy\" decoding=\"async\" class=\"size-full wp-image-10333 alignnone\" src=\"https:\/\/www.iberradio.es\/wp-content\/uploads\/2024\/08\/IMG-20240828-WA0001.jpg\" alt=\"\" width=\"1080\" height=\"1080\" srcset=\"https:\/\/www.iberradio.es\/wp-content\/uploads\/2024\/08\/IMG-20240828-WA0001.jpg 1080w, https:\/\/www.iberradio.es\/wp-content\/uploads\/2024\/08\/IMG-20240828-WA0001-300x300.jpg 300w, https:\/\/www.iberradio.es\/wp-content\/uploads\/2024\/08\/IMG-20240828-WA0001-1024x1024.jpg 1024w, https:\/\/www.iberradio.es\/wp-content\/uploads\/2024\/08\/IMG-20240828-WA0001-150x150.jpg 150w, https:\/\/www.iberradio.es\/wp-content\/uploads\/2024\/08\/IMG-20240828-WA0001-768x768.jpg 768w, https:\/\/www.iberradio.es\/wp-content\/uploads\/2024\/08\/IMG-20240828-WA0001-148x148.jpg 148w, https:\/\/www.iberradio.es\/wp-content\/uploads\/2024\/08\/IMG-20240828-WA0001-31x31.jpg 31w, https:\/\/www.iberradio.es\/wp-content\/uploads\/2024\/08\/IMG-20240828-WA0001-38x38.jpg 38w, https:\/\/www.iberradio.es\/wp-content\/uploads\/2024\/08\/IMG-20240828-WA0001-215x215.jpg 215w\" sizes=\"auto, (max-width: 1080px) 100vw, 1080px\" \/><\/p>\n","protected":false},"excerpt":{"rendered":"<p>Icom Spain participa en IberRadio otro a\u00f1o m\u00e1s, y en celebraci\u00f3n del 60 aniversario de Icom, este a\u00f1o exhibir\u00e1n una colecci\u00f3n de equipos antiguos y actuales de radioafici\u00f3n para mostrar la evoluci\u00f3n de la tecnolog\u00eda de Icom. Adicionalmente, expondr\u00e1n los dos equipos especiales del 60 aniversario: el ID-52E PLUS edici\u00f3n limitada 60 aniversario y el [&hellip;]<\/p>\n","protected":false},"author":1,"featured_media":10382,"comment_status":"closed","ping_status":"closed","sticky":false,"template":"","format":"standard","meta":{"footnotes":""},"categories":[5],"tags":[],"class_list":["post-10381","post","type-post","status-publish","format-standard","has-post-thumbnail","hentry","category-ultimas-noticias"],"_links":{"self":[{"href":"https:\/\/www.iberradio.es\/pt\/wp-json\/wp\/v2\/posts\/10381","targetHints":{"allow":["GET"]}}],"collection":[{"href":"https:\/\/www.iberradio.es\/pt\/wp-json\/wp\/v2\/posts"}],"about":[{"href":"https:\/\/www.iberradio.es\/pt\/wp-json\/wp\/v2\/types\/post"}],"author":[{"embeddable":true,"href":"https:\/\/www.iberradio.es\/pt\/wp-json\/wp\/v2\/users\/1"}],"replies":[{"embeddable":true,"href":"https:\/\/www.iberradio.es\/pt\/wp-json\/wp\/v2\/comments?post=10381"}],"version-history":[{"count":2,"href":"https:\/\/www.iberradio.es\/pt\/wp-json\/wp\/v2\/posts\/10381\/revisions"}],"predecessor-version":[{"id":10384,"href":"https:\/\/www.iberradio.es\/pt\/wp-json\/wp\/v2\/posts\/10381\/revisions\/10384"}],"wp:featuredmedia":[{"embeddable":true,"href":"https:\/\/www.iberradio.es\/pt\/wp-json\/wp\/v2\/media\/10382"}],"wp:attachment":[{"href":"https:\/\/www.iberradio.es\/pt\/wp-json\/wp\/v2\/media?parent=10381"}],"wp:term":[{"taxonomy":"category","embeddable":true,"href":"https:\/\/www.iberradio.es\/pt\/wp-json\/wp\/v2\/categories?post=10381"},{"taxonomy":"post_tag","embeddable":true,"href":"https:\/\/www.iberradio.es\/pt\/wp-json\/wp\/v2\/tags?post=10381"}],"curies":[{"name":"wp","href":"https:\/\/api.w.org\/{rel}","templated":true}]}}