{"id":10429,"date":"2024-10-22T12:15:52","date_gmt":"2024-10-22T10:15:52","guid":{"rendered":"https:\/\/www.iberradio.es\/?p=10429"},"modified":"2024-10-22T12:18:35","modified_gmt":"2024-10-22T10:18:35","slug":"video-de-icom-en-iberradio","status":"publish","type":"post","link":"https:\/\/www.iberradio.es\/pt\/video-de-icom-en-iberradio\/","title":{"rendered":"Video de ICOM en IberRadio"},"content":{"rendered":"<h4 style=\"text-align: justify;\">El 21 de septiembre de 2024, <strong><a href=\"https:\/\/www.icomspain.com\/\" rel=\"noopener\" target=\"_blank\">Icom Spain<\/a><\/strong> particip\u00f3 en IberRadio 2024, esta vez introduciendo un concepto diferente en celebraci\u00f3n del 60 aniversario de la marca Icom: presente, pasado y futuro.<\/h4>\n<h4 style=\"text-align: justify;\">Adem\u00e1s de presentar las novedades del 60 aniversario, se expusieron una serie de equipos antiguos provenientes del museo de Icom Inc. en Osaka y del museo de Icom Spain, los cuales mostraban la evoluci\u00f3n tecnol\u00f3gica y est\u00e9tica de los equipos de radioafici\u00f3n hasta el presente.<\/h4>\n<h4 style=\"text-align: justify;\">Nuestros m\u00e1s sinceros agradecimientos a la organizaci\u00f3n de IberRadio por todo el trabajo realizado y por su apoyo en la organizaci\u00f3n del sorteo que realizamos para nuevos radioaficionados.<\/h4>\n<p><center><iframe loading=\"lazy\" width=\"100%\" height=\"410\" src=\"https:\/\/www.youtube.com\/embed\/5F-Yhi5jesc?si=tQiAJ9hCv3YdhGxc\" title=\"YouTube video player\" frameborder=\"0\" allow=\"accelerometer; autoplay; clipboard-write; encrypted-media; gyroscope; picture-in-picture; web-share\" allowfullscreen><\/iframe><\/center><\/p>\n","protected":false},"excerpt":{"rendered":"<p>El 21 de septiembre de 2024, Icom Spain particip\u00f3 en IberRadio 2024, esta vez introduciendo un concepto diferente en celebraci\u00f3n del 60 aniversario de la marca Icom: presente, pasado y futuro. Adem\u00e1s de presentar las novedades del 60 aniversario, se expusieron una serie de equipos antiguos provenientes del museo de Icom Inc. en Osaka y [&hellip;]<\/p>\n","protected":false},"author":1,"featured_media":10435,"comment_status":"closed","ping_status":"closed","sticky":false,"template":"","format":"standard","meta":{"footnotes":""},"categories":[5],"tags":[],"class_list":["post-10429","post","type-post","status-publish","format-standard","has-post-thumbnail","hentry","category-ultimas-noticias"],"_links":{"self":[{"href":"https:\/\/www.iberradio.es\/pt\/wp-json\/wp\/v2\/posts\/10429","targetHints":{"allow":["GET"]}}],"collection":[{"href":"https:\/\/www.iberradio.es\/pt\/wp-json\/wp\/v2\/posts"}],"about":[{"href":"https:\/\/www.iberradio.es\/pt\/wp-json\/wp\/v2\/types\/post"}],"author":[{"embeddable":true,"href":"https:\/\/www.iberradio.es\/pt\/wp-json\/wp\/v2\/users\/1"}],"replies":[{"embeddable":true,"href":"https:\/\/www.iberradio.es\/pt\/wp-json\/wp\/v2\/comments?post=10429"}],"version-history":[{"count":9,"href":"https:\/\/www.iberradio.es\/pt\/wp-json\/wp\/v2\/posts\/10429\/revisions"}],"predecessor-version":[{"id":10439,"href":"https:\/\/www.iberradio.es\/pt\/wp-json\/wp\/v2\/posts\/10429\/revisions\/10439"}],"wp:featuredmedia":[{"embeddable":true,"href":"https:\/\/www.iberradio.es\/pt\/wp-json\/wp\/v2\/media\/10435"}],"wp:attachment":[{"href":"https:\/\/www.iberradio.es\/pt\/wp-json\/wp\/v2\/media?parent=10429"}],"wp:term":[{"taxonomy":"category","embeddable":true,"href":"https:\/\/www.iberradio.es\/pt\/wp-json\/wp\/v2\/categories?post=10429"},{"taxonomy":"post_tag","embeddable":true,"href":"https:\/\/www.iberradio.es\/pt\/wp-json\/wp\/v2\/tags?post=10429"}],"curies":[{"name":"wp","href":"https:\/\/api.w.org\/{rel}","templated":true}]}}