{"id":10546,"date":"2025-09-09T12:20:39","date_gmt":"2025-09-09T10:20:39","guid":{"rendered":"https:\/\/www.iberradio.es\/?p=10546"},"modified":"2025-09-09T12:27:47","modified_gmt":"2025-09-09T10:27:47","slug":"productos-de-ure-personalizados-en-iberradio","status":"publish","type":"post","link":"https:\/\/www.iberradio.es\/pt\/productos-de-ure-personalizados-en-iberradio\/","title":{"rendered":"Productos de URE personalizados en IberRadio"},"content":{"rendered":"<p><center><img decoding=\"async\" style='border: 1px solid #000000;box-shadow:1px 1px 5px #666666;border-radius:4px;' class=\"aligncenter wp-image-9297 size-full\" src=\"https:\/\/www.iberradio.es\/wp-content\/uploads\/2025\/09\/productos-ure.jpg\" alt=\"\"\/><\/center><\/p>\n<h4 style=\"text-align: justify;\">En <strong>Soluciones Textiles PYP<\/strong> estamos orgullosos de anunciar que estaremos presentes en IberRadio, la feria m\u00e1s importante dedicada a la radioafici\u00f3n en Espa\u00f1a, que organiza cada a\u00f1o la Uni\u00f3n de Radioaficionados Espa\u00f1oles (URE). Se trata de un encuentro \u00fanico en el que se dan cita miles de aficionados, profesionales, empresas y colaboradores del sector.<\/h4>\n<h2>Nuestra presencia como Tienda Oficial de la URE<\/h2>\n<h4 style=\"text-align: justify;\">Este a\u00f1o participamos en IberRadio como tienda oficial de la URE. Para nosotros es una oportunidad \u00fanica y de gran valor, ya que:<\/h4>\n<h4 style=\"text-align: justify;\">&#8211; Nos permite llegar directamente al cliente final, ofreciendo productos pensados para su d\u00eda a d\u00eda.<\/h4>\n<h4 style=\"text-align: justify;\">&#8211; Nos ayuda a dar a conocer nuestra empresa entre los radioaficionados, colaboradores e importantes clientes vinculados a la URE.<\/h4>\n<h4 style=\"text-align: justify;\">Consolidamos nuestra posici\u00f3n como proveedor oficial de confianza de un colectivo tan relevante como el de los radioaficionados espa\u00f1oles.<\/h4>\n<h2>Gran oferta de productos para los radioaficionados<\/h2>\n<h4 style=\"text-align: justify;\">En nuestro stand llevaremos una completa gama de art\u00edculos textiles y de fundici\u00f3n, dise\u00f1ados especialmente para radioaficionados:<\/h4>\n<h4 style=\"text-align: justify;\">&#8211; Polo oficiales con el logotipo de la URE.<\/h4>\n<h4 style=\"text-align: justify;\">&#8211; Camisetas personalizadas para radioaficionados.<\/h4>\n<h4 style=\"text-align: justify;\">&#8211; Chalecos multibolsillos, pr\u00e1cticos para actividades al aire libre.<\/h4>\n<h4 style=\"text-align: justify;\">&#8211; Llaveros, pulseras, chapas y muchos m\u00e1s art\u00edculos de merchandising.<\/h4>\n<h4 style=\"text-align: justify;\">&#8211; Una oferta completa que combina calidad textil con productos de fundici\u00f3n de alta durabilidad.<\/h4>\n<h2>Personalizaci\u00f3n en vivo durante la feria<\/h2>\n<h4 style=\"text-align: justify;\">Como novedad, Soluciones Textiles PYP ofrecer\u00e1 un servicio exclusivo de personalizaci\u00f3n in situ. Gracias a nuestra m\u00e1quina de bordar Tajima, los visitantes podr\u00e1n bordar su indicativo personal directamente en las prendas que adquieran durante la feria. Una experiencia \u00fanica que convierte cada producto en un art\u00edculo exclusivo y con identidad propia.<\/h4>\n<hr>\n<h4 style=\"text-align: justify;\">Para los pedidos anticipados pueden hacerlo a trav\u00e9s de nuestro mail <strong><a href=\"mailto:info@solucionestextiles.es\">info@solucionestextiles.es<\/a><\/strong>.<\/h4>\n<h4 style=\"text-align: justify;\">Es importante que indiquen qu\u00e9 producto y color quieren adem\u00e1s de la talla y si quieren la personalizaci\u00f3n del distintivo.<\/h4>\n<h4 style=\"text-align: justify;\">Los interesados recibir\u00e1n un mail con los datos para el pago y recoger\u00e1n los productos en IberRadio.<\/h4>\n<p><a href=\"https:\/\/www.iberradio.es\/wp-content\/uploads\/2025\/09\/TIENDA-URE-1.png\" target=\"_blank\"><img loading=\"lazy\" decoding=\"async\" src=\"https:\/\/www.iberradio.es\/wp-content\/uploads\/2025\/09\/TIENDA-URE-1.png\" alt=\"\" width=\"1500\" height=\"2123\" class=\"aligncenter size-full wp-image-10551\" srcset=\"https:\/\/www.iberradio.es\/wp-content\/uploads\/2025\/09\/TIENDA-URE-1.png 1500w, https:\/\/www.iberradio.es\/wp-content\/uploads\/2025\/09\/TIENDA-URE-1-212x300.png 212w, https:\/\/www.iberradio.es\/wp-content\/uploads\/2025\/09\/TIENDA-URE-1-724x1024.png 724w, https:\/\/www.iberradio.es\/wp-content\/uploads\/2025\/09\/TIENDA-URE-1-768x1087.png 768w, https:\/\/www.iberradio.es\/wp-content\/uploads\/2025\/09\/TIENDA-URE-1-1085x1536.png 1085w, https:\/\/www.iberradio.es\/wp-content\/uploads\/2025\/09\/TIENDA-URE-1-1447x2048.png 1447w, https:\/\/www.iberradio.es\/wp-content\/uploads\/2025\/09\/TIENDA-URE-1-105x148.png 105w, https:\/\/www.iberradio.es\/wp-content\/uploads\/2025\/09\/TIENDA-URE-1-22x31.png 22w, https:\/\/www.iberradio.es\/wp-content\/uploads\/2025\/09\/TIENDA-URE-1-27x38.png 27w, https:\/\/www.iberradio.es\/wp-content\/uploads\/2025\/09\/TIENDA-URE-1-152x215.png 152w\" sizes=\"auto, (max-width: 1500px) 100vw, 1500px\" \/><\/a><\/p>\n<p><a href=\"https:\/\/www.iberradio.es\/wp-content\/uploads\/2025\/09\/TIENDA-URE-2.png\" target=\"_blank\"><img loading=\"lazy\" decoding=\"async\" src=\"https:\/\/www.iberradio.es\/wp-content\/uploads\/2025\/09\/TIENDA-URE-2.png\" alt=\"\" width=\"1500\" height=\"2123\" class=\"aligncenter size-full wp-image-10551\" \/><\/a><br \/>\n<a href=\"https:\/\/www.iberradio.es\/wp-content\/uploads\/2025\/09\/TIENDA-URE-3.png\" target=\"_blank\"><img loading=\"lazy\" decoding=\"async\" src=\"https:\/\/www.iberradio.es\/wp-content\/uploads\/2025\/09\/TIENDA-URE-3.png\" alt=\"\" width=\"1500\" height=\"2123\" class=\"aligncenter size-full wp-image-10551\" \/><\/a><\/p>\n","protected":false},"excerpt":{"rendered":"<p>En Soluciones Textiles PYP estamos orgullosos de anunciar que estaremos presentes en IberRadio, la feria m\u00e1s importante dedicada a la radioafici\u00f3n en Espa\u00f1a, que organiza cada a\u00f1o la Uni\u00f3n de Radioaficionados Espa\u00f1oles (URE). Se trata de un encuentro \u00fanico en el que se dan cita miles de aficionados, profesionales, empresas y colaboradores del sector. Nuestra [&hellip;]<\/p>\n","protected":false},"author":1,"featured_media":10547,"comment_status":"closed","ping_status":"closed","sticky":false,"template":"","format":"standard","meta":{"footnotes":""},"categories":[5],"tags":[],"class_list":["post-10546","post","type-post","status-publish","format-standard","has-post-thumbnail","hentry","category-ultimas-noticias"],"_links":{"self":[{"href":"https:\/\/www.iberradio.es\/pt\/wp-json\/wp\/v2\/posts\/10546","targetHints":{"allow":["GET"]}}],"collection":[{"href":"https:\/\/www.iberradio.es\/pt\/wp-json\/wp\/v2\/posts"}],"about":[{"href":"https:\/\/www.iberradio.es\/pt\/wp-json\/wp\/v2\/types\/post"}],"author":[{"embeddable":true,"href":"https:\/\/www.iberradio.es\/pt\/wp-json\/wp\/v2\/users\/1"}],"replies":[{"embeddable":true,"href":"https:\/\/www.iberradio.es\/pt\/wp-json\/wp\/v2\/comments?post=10546"}],"version-history":[{"count":10,"href":"https:\/\/www.iberradio.es\/pt\/wp-json\/wp\/v2\/posts\/10546\/revisions"}],"predecessor-version":[{"id":10560,"href":"https:\/\/www.iberradio.es\/pt\/wp-json\/wp\/v2\/posts\/10546\/revisions\/10560"}],"wp:featuredmedia":[{"embeddable":true,"href":"https:\/\/www.iberradio.es\/pt\/wp-json\/wp\/v2\/media\/10547"}],"wp:attachment":[{"href":"https:\/\/www.iberradio.es\/pt\/wp-json\/wp\/v2\/media?parent=10546"}],"wp:term":[{"taxonomy":"category","embeddable":true,"href":"https:\/\/www.iberradio.es\/pt\/wp-json\/wp\/v2\/categories?post=10546"},{"taxonomy":"post_tag","embeddable":true,"href":"https:\/\/www.iberradio.es\/pt\/wp-json\/wp\/v2\/tags?post=10546"}],"curies":[{"name":"wp","href":"https:\/\/api.w.org\/{rel}","templated":true}]}}