{"id":10667,"date":"2026-09-04T14:55:16","date_gmt":"2026-09-04T12:55:16","guid":{"rendered":"https:\/\/www.iberradio.es\/?p=10667"},"modified":"2026-09-04T14:59:34","modified_gmt":"2026-09-04T12:59:34","slug":"exploracion-espacial-y-radioaficion-de-pablo-cruz-corona-ea8hz-se-presentara-en-iberradio","status":"publish","type":"post","link":"https:\/\/www.iberradio.es\/pt\/exploracion-espacial-y-radioaficion-de-pablo-cruz-corona-ea8hz-se-presentara-en-iberradio\/","title":{"rendered":"\u00abExploraci\u00f3n espacial y radioafici\u00f3n\u00bb, de Pablo Cruz Corona, EA8HZ, se presentar\u00e1 en IberRadio"},"content":{"rendered":"<p><img loading=\"lazy\" decoding=\"async\" src=\"https:\/\/www.iberradio.es\/wp-content\/uploads\/2026\/09\/ea8hz-exploracion-espacial-2.jpg\" alt=\"\" width=\"1300\" height=\"813\" class=\"aligncenter size-full wp-image-10668\" srcset=\"https:\/\/www.iberradio.es\/wp-content\/uploads\/2026\/09\/ea8hz-exploracion-espacial-2.jpg 1300w, https:\/\/www.iberradio.es\/wp-content\/uploads\/2026\/09\/ea8hz-exploracion-espacial-2-300x188.jpg 300w, https:\/\/www.iberradio.es\/wp-content\/uploads\/2026\/09\/ea8hz-exploracion-espacial-2-1024x640.jpg 1024w, https:\/\/www.iberradio.es\/wp-content\/uploads\/2026\/09\/ea8hz-exploracion-espacial-2-768x480.jpg 768w, https:\/\/www.iberradio.es\/wp-content\/uploads\/2026\/09\/ea8hz-exploracion-espacial-2-148x93.jpg 148w, https:\/\/www.iberradio.es\/wp-content\/uploads\/2026\/09\/ea8hz-exploracion-espacial-2-31x19.jpg 31w, https:\/\/www.iberradio.es\/wp-content\/uploads\/2026\/09\/ea8hz-exploracion-espacial-2-38x24.jpg 38w, https:\/\/www.iberradio.es\/wp-content\/uploads\/2026\/09\/ea8hz-exploracion-espacial-2-344x215.jpg 344w\" sizes=\"auto, (max-width: 1300px) 100vw, 1300px\" \/><\/p>\n<h4 style=\"text-align: justify;\">El pr\u00f3ximo 19 de septiembre, en el marco de la feria IberRadio, se presentar\u00e1 el nuevo libro <strong>\u00abExploraci\u00f3n espacial y radioafici\u00f3n. Del Sputnik a los viajes interplanetarios\u00bb<\/strong>, escrito por <strong>Pablo Cruz Corona, EA8HZ<\/strong>. La presentaci\u00f3n contar\u00e1 adem\u00e1s con la presencia del propio autor, una excelente oportunidad para conocer de primera mano esta nueva obra y conversar con \u00e9l sobre la apasionante relaci\u00f3n entre la radioafici\u00f3n y la exploraci\u00f3n espacial.<\/h4>\n<h3>De las primeras se\u00f1ales del Sputnik al futuro de las comunicaciones interplanetarias<\/h3>\n<h4 style=\"text-align: justify;\">Desde que el Sputnik 1 comenz\u00f3 a emitir sus primeras se\u00f1ales en 1957, los radioaficionados han mantenido una estrecha relaci\u00f3n con la aventura espacial. Han seguido sat\u00e9lites y naves, recibido se\u00f1ales procedentes del espacio y participado en proyectos que han unido la experimentaci\u00f3n radioel\u00e9ctrica con algunos de los grandes avances de la exploraci\u00f3n espacial.<\/p>\n<p>\u00abExploraci\u00f3n espacial y radioafici\u00f3n\u00bb propone un apasionante recorrido por esta historia y, al mismo tiempo, dirige la mirada hacia lo que nos espera en el futuro.<\/h4>\n<h4 style=\"text-align: justify;\">A lo largo de sus p\u00e1ginas, Pablo Cruz Corona aborda las estaciones espaciales y centros de seguimiento de Espa\u00f1a y de numerosos pa\u00edses, la carrera espacial, el programa Apolo, la Estaci\u00f3n Espacial Internacional, AMSAT y ARISS, as\u00ed como el papel que los radioaficionados han desempe\u00f1ado en las comunicaciones espaciales. La obra dedica tambi\u00e9n una atenci\u00f3n especial a las futuras misiones a la Luna y Marte, las comunicaciones desde otros mundos, las sondas Voyager, la exploraci\u00f3n del espacio profundo y las futuras redes de comunicaci\u00f3n interplanetaria.<\/h4>\n<h4 style=\"text-align: justify;\">Pero el libro no se limita a contar la historia. Tambi\u00e9n se adentra en aspectos pr\u00e1cticos de especial inter\u00e9s para el radioaficionado, incluyendo contenidos sobre c\u00f3mo montar una estaci\u00f3n para recibir se\u00f1ales espaciales, una estaci\u00f3n completa para QO-100 y el seguimiento de sat\u00e9lites en \u00f3rbita.<\/h4>\n<h4 style=\"text-align: justify;\">Se trata, en definitiva, de una obra pensada tanto para radioaficionados como para todos aquellos apasionados por los sat\u00e9lites, las comunicaciones y la exploraci\u00f3n del espacio, combinando historia, tecnolog\u00eda, divulgaci\u00f3n y una mirada hacia el futuro.<\/h4>\n","protected":false},"excerpt":{"rendered":"<p>El pr\u00f3ximo 19 de septiembre, en el marco de la feria IberRadio, se presentar\u00e1 el nuevo libro \u00abExploraci\u00f3n espacial y radioafici\u00f3n. Del Sputnik a los viajes interplanetarios\u00bb, escrito por Pablo Cruz Corona, EA8HZ. La presentaci\u00f3n contar\u00e1 adem\u00e1s con la presencia del propio autor, una excelente oportunidad para conocer de primera mano esta nueva obra y [&hellip;]<\/p>\n","protected":false},"author":1,"featured_media":10669,"comment_status":"closed","ping_status":"closed","sticky":false,"template":"","format":"standard","meta":{"footnotes":""},"categories":[5],"tags":[],"class_list":["post-10667","post","type-post","status-publish","format-standard","has-post-thumbnail","hentry","category-ultimas-noticias"],"_links":{"self":[{"href":"https:\/\/www.iberradio.es\/pt\/wp-json\/wp\/v2\/posts\/10667","targetHints":{"allow":["GET"]}}],"collection":[{"href":"https:\/\/www.iberradio.es\/pt\/wp-json\/wp\/v2\/posts"}],"about":[{"href":"https:\/\/www.iberradio.es\/pt\/wp-json\/wp\/v2\/types\/post"}],"author":[{"embeddable":true,"href":"https:\/\/www.iberradio.es\/pt\/wp-json\/wp\/v2\/users\/1"}],"replies":[{"embeddable":true,"href":"https:\/\/www.iberradio.es\/pt\/wp-json\/wp\/v2\/comments?post=10667"}],"version-history":[{"count":4,"href":"https:\/\/www.iberradio.es\/pt\/wp-json\/wp\/v2\/posts\/10667\/revisions"}],"predecessor-version":[{"id":10674,"href":"https:\/\/www.iberradio.es\/pt\/wp-json\/wp\/v2\/posts\/10667\/revisions\/10674"}],"wp:featuredmedia":[{"embeddable":true,"href":"https:\/\/www.iberradio.es\/pt\/wp-json\/wp\/v2\/media\/10669"}],"wp:attachment":[{"href":"https:\/\/www.iberradio.es\/pt\/wp-json\/wp\/v2\/media?parent=10667"}],"wp:term":[{"taxonomy":"category","embeddable":true,"href":"https:\/\/www.iberradio.es\/pt\/wp-json\/wp\/v2\/categories?post=10667"},{"taxonomy":"post_tag","embeddable":true,"href":"https:\/\/www.iberradio.es\/pt\/wp-json\/wp\/v2\/tags?post=10667"}],"curies":[{"name":"wp","href":"https:\/\/api.w.org\/{rel}","templated":true}]}}