{"id":9380,"date":"2019-08-13T10:36:43","date_gmt":"2019-08-13T08:36:43","guid":{"rendered":"https:\/\/www.iberradio.es\/?p=9380"},"modified":"2021-06-21T09:32:33","modified_gmt":"2021-06-21T07:32:33","slug":"ponencia-banda-ciudadana-como-servicio-en-la-sociedad","status":"publish","type":"post","link":"https:\/\/www.iberradio.es\/pt\/ponencia-banda-ciudadana-como-servicio-en-la-sociedad\/","title":{"rendered":"Ponencia: Banda Ciudadana como servicio en la sociedad"},"content":{"rendered":"<h4 style=\"text-align: justify;\"><b><u><img loading=\"lazy\" decoding=\"async\" class=\"size-medium wp-image-9371 alignleft\" src=\"https:\/\/www.iberradio.es\/wp-content\/uploads\/2019\/08\/foto-carmina-angel-300x211.jpg\" alt=\"\" width=\"300\" height=\"211\" srcset=\"https:\/\/www.iberradio.es\/wp-content\/uploads\/2019\/08\/foto-carmina-angel-300x211.jpg 300w, https:\/\/www.iberradio.es\/wp-content\/uploads\/2019\/08\/foto-carmina-angel-768x541.jpg 768w, https:\/\/www.iberradio.es\/wp-content\/uploads\/2019\/08\/foto-carmina-angel.jpg 1024w, https:\/\/www.iberradio.es\/wp-content\/uploads\/2019\/08\/foto-carmina-angel-148x104.jpg 148w, https:\/\/www.iberradio.es\/wp-content\/uploads\/2019\/08\/foto-carmina-angel-31x22.jpg 31w, https:\/\/www.iberradio.es\/wp-content\/uploads\/2019\/08\/foto-carmina-angel-38x27.jpg 38w, https:\/\/www.iberradio.es\/wp-content\/uploads\/2019\/08\/foto-carmina-angel-305x215.jpg 305w\" sizes=\"auto, (max-width: 300px) 100vw, 300px\" \/><\/u><\/b><\/h4>\n<h4 style=\"text-align: justify;\">La C.B. como apoyo en eventos sociales, acontecimientos deportivos, reivindicativos y otros.<\/h4>\n<h4 style=\"text-align: justify;\"><b>Ponentes:<\/b> \u00c1ngel Maderuelo Avil\u00e9s, QRZ Unicornio y Carmina Herguedas, QRZ, Acuario.<\/h4>\n<h4 style=\"text-align: justify;\"><b>Biograf\u00eda:<\/b> Fundadores de Radioayuda Segovia en 1985. Comprometidos para con su ciudad, Segovia, y luchadores por el colectivo de Banda Ciudadana, poniendo al servicio de ambos sus conocimientos, experiencia y equipos de C.B.<\/h4>\n","protected":false},"excerpt":{"rendered":"<p>La C.B. como apoyo en eventos sociales, acontecimientos deportivos, reivindicativos y otros. Ponentes: \u00c1ngel Maderuelo Avil\u00e9s, QRZ Unicornio y Carmina Herguedas, QRZ, Acuario. Biograf\u00eda: Fundadores de Radioayuda Segovia en 1985. Comprometidos para con su ciudad, Segovia, y luchadores por el colectivo de Banda Ciudadana, poniendo al servicio de ambos sus conocimientos, experiencia y equipos de [&hellip;]<\/p>\n","protected":false},"author":1,"featured_media":9382,"comment_status":"closed","ping_status":"closed","sticky":false,"template":"","format":"standard","meta":{"footnotes":""},"categories":[66],"tags":[],"class_list":["post-9380","post","type-post","status-publish","format-standard","has-post-thumbnail","hentry","category-noticias-2019"],"_links":{"self":[{"href":"https:\/\/www.iberradio.es\/pt\/wp-json\/wp\/v2\/posts\/9380","targetHints":{"allow":["GET"]}}],"collection":[{"href":"https:\/\/www.iberradio.es\/pt\/wp-json\/wp\/v2\/posts"}],"about":[{"href":"https:\/\/www.iberradio.es\/pt\/wp-json\/wp\/v2\/types\/post"}],"author":[{"embeddable":true,"href":"https:\/\/www.iberradio.es\/pt\/wp-json\/wp\/v2\/users\/1"}],"replies":[{"embeddable":true,"href":"https:\/\/www.iberradio.es\/pt\/wp-json\/wp\/v2\/comments?post=9380"}],"version-history":[{"count":2,"href":"https:\/\/www.iberradio.es\/pt\/wp-json\/wp\/v2\/posts\/9380\/revisions"}],"predecessor-version":[{"id":9384,"href":"https:\/\/www.iberradio.es\/pt\/wp-json\/wp\/v2\/posts\/9380\/revisions\/9384"}],"wp:featuredmedia":[{"embeddable":true,"href":"https:\/\/www.iberradio.es\/pt\/wp-json\/wp\/v2\/media\/9382"}],"wp:attachment":[{"href":"https:\/\/www.iberradio.es\/pt\/wp-json\/wp\/v2\/media?parent=9380"}],"wp:term":[{"taxonomy":"category","embeddable":true,"href":"https:\/\/www.iberradio.es\/pt\/wp-json\/wp\/v2\/categories?post=9380"},{"taxonomy":"post_tag","embeddable":true,"href":"https:\/\/www.iberradio.es\/pt\/wp-json\/wp\/v2\/tags?post=9380"}],"curies":[{"name":"wp","href":"https:\/\/api.w.org\/{rel}","templated":true}]}}