{"id":9556,"date":"2019-09-18T16:39:20","date_gmt":"2019-09-18T14:39:20","guid":{"rendered":"https:\/\/www.iberradio.es\/?p=9556"},"modified":"2021-06-21T09:30:11","modified_gmt":"2021-06-21T07:30:11","slug":"iberradio-2019-en-los-medios-de-comunicacion","status":"publish","type":"post","link":"https:\/\/www.iberradio.es\/pt\/iberradio-2019-en-los-medios-de-comunicacion\/","title":{"rendered":"IberRadio en los medios de comunicaci\u00f3n"},"content":{"rendered":"<h4 align=\"justify\">Aqu\u00ed os dejamos las noticias publicadas sobre IberRadio en diferentes medios:<\/h4>\n<p><font size=\"3\" align=\"justify\"><strong><a href=\"https:\/\/play.cadenaser.com\/audio\/ser_avila_hoyporhoyavila_20190911_122000_140000\/\" rel=\"noopener noreferrer\" target=\"_blank\">Entrevista a EC1KR, Jes\u00fas Maria Gimare<\/a><\/strong> (A partir de 1h, 20 min) &#8211; Cadena Ser<\/font><\/p>\n<p><font size=\"3\" align=\"justify\"><strong><a href=\"https:\/\/www.tribunaavila.com\/noticias\/avila-capital-de-los-radioaficionados-durante-este-fin-de-semana\/1568394049\" rel=\"noopener noreferrer\" target=\"_blank\">\u00c1vila, capital de los radioaficionados durante este fin de semana<\/a><\/strong> &#8211; Tribuna de \u00c1vila<\/font><\/p>\n<p><font size=\"3\" align=\"justify\"><strong><a href=\"https:\/\/www.diariodeavila.es\/noticia\/ZDBC30967-0474-F9E2-D0EFA7CE34843480\/2500-radioaficionados-se-dan-cita-en-Avila\" rel=\"noopener noreferrer\" target=\"_blank\">2.500 radioaficionados se dan cita en \u00c1vila<\/a><\/strong> &#8211; Diario de \u00c1vila<\/font><\/p>\n<p><font size=\"3\" align=\"justify\"><strong><a href=\"http:\/\/www.icalnews.com\/Mostrar.cfm\/noticias\/I\/v\/feria\/radiocomunicaciones\/reune\/avila\/2500\/radioaficionados\/toda\/espana\/467070\" rel=\"noopener noreferrer\" target=\"_blank\">La V Feria de las Radiocomunicaciones re\u00fane en \u00c1vila a 2.500 radioaficionados de toda Espa\u00f1a<\/a><\/strong> &#8211; ICAL<\/font><\/p>\n<p><font size=\"3\" align=\"justify\"><strong><a href=\"https:\/\/www.tribunaavila.com\/noticias\/los-radioaficionados-abordan-sus-retos-en-avila\/1568471039\" rel=\"noopener noreferrer\" target=\"_blank\">Los radioaficionados abordan sus retos en \u00c1vila<\/a><\/strong> &#8211; Tribuna de \u00c1vila<\/font><\/p>\n","protected":false},"excerpt":{"rendered":"<p>Aqu\u00ed os dejamos las noticias publicadas sobre IberRadio en diferentes medios: Entrevista a EC1KR, Jes\u00fas Maria Gimare (A partir de 1h, 20 min) &#8211; Cadena Ser \u00c1vila, capital de los radioaficionados durante este fin de semana &#8211; Tribuna de \u00c1vila 2.500 radioaficionados se dan cita en \u00c1vila &#8211; Diario de \u00c1vila La V Feria de [&hellip;]<\/p>\n","protected":false},"author":1,"featured_media":9557,"comment_status":"closed","ping_status":"closed","sticky":false,"template":"","format":"standard","meta":{"footnotes":""},"categories":[66],"tags":[],"class_list":["post-9556","post","type-post","status-publish","format-standard","has-post-thumbnail","hentry","category-noticias-2019"],"_links":{"self":[{"href":"https:\/\/www.iberradio.es\/pt\/wp-json\/wp\/v2\/posts\/9556","targetHints":{"allow":["GET"]}}],"collection":[{"href":"https:\/\/www.iberradio.es\/pt\/wp-json\/wp\/v2\/posts"}],"about":[{"href":"https:\/\/www.iberradio.es\/pt\/wp-json\/wp\/v2\/types\/post"}],"author":[{"embeddable":true,"href":"https:\/\/www.iberradio.es\/pt\/wp-json\/wp\/v2\/users\/1"}],"replies":[{"embeddable":true,"href":"https:\/\/www.iberradio.es\/pt\/wp-json\/wp\/v2\/comments?post=9556"}],"version-history":[{"count":8,"href":"https:\/\/www.iberradio.es\/pt\/wp-json\/wp\/v2\/posts\/9556\/revisions"}],"predecessor-version":[{"id":9631,"href":"https:\/\/www.iberradio.es\/pt\/wp-json\/wp\/v2\/posts\/9556\/revisions\/9631"}],"wp:featuredmedia":[{"embeddable":true,"href":"https:\/\/www.iberradio.es\/pt\/wp-json\/wp\/v2\/media\/9557"}],"wp:attachment":[{"href":"https:\/\/www.iberradio.es\/pt\/wp-json\/wp\/v2\/media?parent=9556"}],"wp:term":[{"taxonomy":"category","embeddable":true,"href":"https:\/\/www.iberradio.es\/pt\/wp-json\/wp\/v2\/categories?post=9556"},{"taxonomy":"post_tag","embeddable":true,"href":"https:\/\/www.iberradio.es\/pt\/wp-json\/wp\/v2\/tags?post=9556"}],"curies":[{"name":"wp","href":"https:\/\/api.w.org\/{rel}","templated":true}]}}