{"id":9702,"date":"2021-08-23T12:30:23","date_gmt":"2021-08-23T10:30:23","guid":{"rendered":"https:\/\/www.iberradio.es\/?p=9702"},"modified":"2022-07-01T13:07:08","modified_gmt":"2022-07-01T11:07:08","slug":"asamblea-del-ea-contest-club-2021","status":"publish","type":"post","link":"https:\/\/www.iberradio.es\/pt\/asamblea-del-ea-contest-club-2021\/","title":{"rendered":"Asamblea del EA Contest Club"},"content":{"rendered":"<p><\/p>\n<h4 align=\"justify\">Coincidiendo con IberRadio el <b>EA Contest Club<\/b> celebrar\u00e1 su Asamblea General el s\u00e1bado 18 de septiembre a partir de las 18:00 y a la cual podr\u00e1n asistir todos los miembros del club.<\/h4>\n<p><\/p>","protected":false},"excerpt":{"rendered":"<p>Coincidiendo con IberRadio el EA Contest Club celebrar\u00e1 su Asamblea General el s\u00e1bado 18 de septiembre a partir de las 18:00 y a la cual podr\u00e1n asistir todos los miembros del club.<\/p>\n","protected":false},"author":1,"featured_media":9703,"comment_status":"closed","ping_status":"closed","sticky":false,"template":"","format":"standard","meta":{"footnotes":""},"categories":[1],"tags":[],"class_list":["post-9702","post","type-post","status-publish","format-standard","has-post-thumbnail","hentry","category-noticias-2021"],"_links":{"self":[{"href":"https:\/\/www.iberradio.es\/pt\/wp-json\/wp\/v2\/posts\/9702","targetHints":{"allow":["GET"]}}],"collection":[{"href":"https:\/\/www.iberradio.es\/pt\/wp-json\/wp\/v2\/posts"}],"about":[{"href":"https:\/\/www.iberradio.es\/pt\/wp-json\/wp\/v2\/types\/post"}],"author":[{"embeddable":true,"href":"https:\/\/www.iberradio.es\/pt\/wp-json\/wp\/v2\/users\/1"}],"replies":[{"embeddable":true,"href":"https:\/\/www.iberradio.es\/pt\/wp-json\/wp\/v2\/comments?post=9702"}],"version-history":[{"count":3,"href":"https:\/\/www.iberradio.es\/pt\/wp-json\/wp\/v2\/posts\/9702\/revisions"}],"predecessor-version":[{"id":9706,"href":"https:\/\/www.iberradio.es\/pt\/wp-json\/wp\/v2\/posts\/9702\/revisions\/9706"}],"wp:featuredmedia":[{"embeddable":true,"href":"https:\/\/www.iberradio.es\/pt\/wp-json\/wp\/v2\/media\/9703"}],"wp:attachment":[{"href":"https:\/\/www.iberradio.es\/pt\/wp-json\/wp\/v2\/media?parent=9702"}],"wp:term":[{"taxonomy":"category","embeddable":true,"href":"https:\/\/www.iberradio.es\/pt\/wp-json\/wp\/v2\/categories?post=9702"},{"taxonomy":"post_tag","embeddable":true,"href":"https:\/\/www.iberradio.es\/pt\/wp-json\/wp\/v2\/tags?post=9702"}],"curies":[{"name":"wp","href":"https:\/\/api.w.org\/{rel}","templated":true}]}}